{"id":4060,"date":"2021-09-07T15:25:00","date_gmt":"2021-09-07T13:25:00","guid":{"rendered":"https:\/\/jednostki.uksw.edu.pl\/dpm\/?p=4060"},"modified":"2022-11-18T10:55:12","modified_gmt":"2022-11-18T09:55:12","slug":"komunikat-prorektora-ds-studenckich-i-ksztalcenia-dr-hab-anny-fidelus-prof-ucz-na-temat-formy-i-terminow-skladania-wnioskow-o-stypendia-socjalne-stypendia-rektora-stypendia-dla-osob-niepelnospr","status":"publish","type":"post","link":"https:\/\/dpm.uksw.edu.pl\/2021\/09\/07\/komunikat-prorektora-ds-studenckich-i-ksztalcenia-dr-hab-anny-fidelus-prof-ucz-na-temat-formy-i-terminow-skladania-wnioskow-o-stypendia-socjalne-stypendia-rektora-stypendia-dla-osob-niepelnospr\/","title":{"rendered":"Komunikat Prorektora ds. studenckich i kszta\u0142cenia dr hab. Anny Fidelus, prof. ucz. na temat formy i termin\u00f3w sk\u0142adania wniosk\u00f3w o stypendia socjalne, stypendia rektora, stypendia dla os\u00f3b niepe\u0142nosprawnych i zapom\u00f3g w roku akademickim 2021\/2022"},"content":{"rendered":"\r\n<div class=\"\">\r\n\r\n\r\n<div class=\"row\">\r\n\r\n  \r\n<div class=\"col-xl-12 col-lg-12 col-md-12 col-sm-12 \">\r\n\t\t<div class=\"download_detils\">\r\n\t\t\t<a href=\"https:\/\/dpm.uksw.edu.pl\/wp-content\/uploads\/sites\/23\/2022\/11\/Komunikat-Prorektora-ds.-studenckich-i-ksztalcenia.pdf\"  target=\"_blank\" >\r\n\t\t\t<img decoding=\"async\" src=\"https:\/\/dpm.uksw.edu.pl\/wp-content\/themes\/uksw\/images\/import.svg\" alt=\"\"> Komunikat Prorektora ds. studenckich i ksztalcenia [PDF,  0.09 MB]<\/a>\r\n\t\t<\/div>\r\n<\/div>\r\n\r\n\r\n\t\t\r\n\t\t \r\n\r\n<\/div>\r\n<\/div>\r\n<div class=\"space20\"><\/div>\r\n\r\n","protected":false},"excerpt":{"rendered":"","protected":false},"author":1,"featured_media":4143,"comment_status":"open","ping_status":"open","sticky":false,"template":"","format":"standard","meta":{"_acf_changed":false,"inline_featured_image":false,"footnotes":"","_links_to":"","_links_to_target":""},"categories":[1],"tags":[],"class_list":["post-4060","post","type-post","status-publish","format-standard","has-post-thumbnail","hentry","category-aktualnosci"],"acf":[],"_links":{"self":[{"href":"https:\/\/dpm.uksw.edu.pl\/pl\/wp-json\/wp\/v2\/posts\/4060","targetHints":{"allow":["GET"]}}],"collection":[{"href":"https:\/\/dpm.uksw.edu.pl\/pl\/wp-json\/wp\/v2\/posts"}],"about":[{"href":"https:\/\/dpm.uksw.edu.pl\/pl\/wp-json\/wp\/v2\/types\/post"}],"author":[{"embeddable":true,"href":"https:\/\/dpm.uksw.edu.pl\/pl\/wp-json\/wp\/v2\/users\/1"}],"replies":[{"embeddable":true,"href":"https:\/\/dpm.uksw.edu.pl\/pl\/wp-json\/wp\/v2\/comments?post=4060"}],"version-history":[{"count":3,"href":"https:\/\/dpm.uksw.edu.pl\/pl\/wp-json\/wp\/v2\/posts\/4060\/revisions"}],"predecessor-version":[{"id":4145,"href":"https:\/\/dpm.uksw.edu.pl\/pl\/wp-json\/wp\/v2\/posts\/4060\/revisions\/4145"}],"wp:featuredmedia":[{"embeddable":true,"href":"https:\/\/dpm.uksw.edu.pl\/pl\/wp-json\/wp\/v2\/media\/4143"}],"wp:attachment":[{"href":"https:\/\/dpm.uksw.edu.pl\/pl\/wp-json\/wp\/v2\/media?parent=4060"}],"wp:term":[{"taxonomy":"category","embeddable":true,"href":"https:\/\/dpm.uksw.edu.pl\/pl\/wp-json\/wp\/v2\/categories?post=4060"},{"taxonomy":"post_tag","embeddable":true,"href":"https:\/\/dpm.uksw.edu.pl\/pl\/wp-json\/wp\/v2\/tags?post=4060"}],"curies":[{"name":"wp","href":"https:\/\/api.w.org\/{rel}","templated":true}]}}