{"id":4076,"date":"2022-05-24T15:29:00","date_gmt":"2022-05-24T13:29:00","guid":{"rendered":"https:\/\/jednostki.uksw.edu.pl\/dpm\/?p=4076"},"modified":"2022-12-09T13:07:42","modified_gmt":"2022-12-09T12:07:42","slug":"termin-skladania-wnioskow-o-akademik-na-rok-akademicki-2022-2023","status":"publish","type":"post","link":"https:\/\/dpm.uksw.edu.pl\/2022\/05\/24\/termin-skladania-wnioskow-o-akademik-na-rok-akademicki-2022-2023\/","title":{"rendered":"Termin sk\u0142adania wniosk\u00f3w o akademik na rok akademicki 2022\/2023"},"content":{"rendered":"\n<p><strong>Studenci II \u2013 VI roku oraz doktoranci II \u2013 IV roku: od 1 czerwca do 17 czerwca 2022r<\/strong><\/p>\n\n\n\r\n<div class=\"\">\r\n\r\n\r\n<div class=\"row\">\r\n\r\n  \r\n<div class=\"col-xl-12 col-lg-12 col-md-12 col-sm-12 \">\r\n\t\t<div class=\"download_detils\">\r\n\t\t\t<a href=\"https:\/\/dpm.uksw.edu.pl\/wp-content\/uploads\/sites\/23\/2022\/11\/oswiad_st_dok_o_doch_akad_zal_20_do_z_38_2020.pdf\"  target=\"_blank\" >\r\n\t\t\t<img decoding=\"async\" src=\"https:\/\/dpm.uksw.edu.pl\/wp-content\/themes\/uksw\/images\/import.svg\" alt=\"\"> Za\u0142\u0105cznik 20 [PDF,  0.10 MB]<\/a>\r\n\t\t<\/div>\r\n<\/div>\r\n\r\n\r\n\t\t\r\n\t\t \r\n\r\n<\/div>\r\n<\/div>\r\n<div class=\"space20\"><\/div>\r\n\r\n\n\n\n<p><strong>Drodzy Studenci,<br><\/strong>Wnioski wraz z dokumentami nale\u017cy z\u0142o\u017cy\u0107 osobi\u015bcie w Dziale Pomocy Materialnej dla Student\u00f3w pok. 002 i 003 bud. 23 ul. W\u00f3ycickiego 1\/3 lub przes\u0142a\u0107 za po\u015brednictwem POCZTY POLSKIEJ.<\/p>\n\n\n\n<p>Wnioski o akademik znajduj\u0105 si\u0119 w zak\u0142adce: Formularze do pobrania dla student\u00f3w\/doktorant\u00f3w<\/p>\n\n\n\n<p><strong>Dla student\u00f3w i doktorant\u00f3w, kt\u00f3rzy zostan\u0105 przyj\u0119ci na I rok studi\u00f3w w roku akademickim 2022\/2023 b\u0105d\u017a przenios\u0105 si\u0119 z innej uczelni \u2013 termin sk\u0142adania wniosk\u00f3w o akademik zostanie og\u0142oszony w p\u00f3\u017aniejszym czasie.<\/strong><\/p>\n","protected":false},"excerpt":{"rendered":"<p>Studenci II \u2013 VI roku oraz doktoranci II \u2013 IV roku: od 1 czerwca do 17 czerwca 2022r Drodzy Studenci,Wnioski wraz z dokumentami nale\u017cy z\u0142o\u017cy\u0107 osobi\u015bcie w Dziale Pomocy Materialnej dla Student\u00f3w pok. 002 i 003 bud. 23 ul. W\u00f3ycickiego 1\/3 lub przes\u0142a\u0107 za po\u015brednictwem POCZTY POLSKIEJ. Wnioski o akademik znajduj\u0105 si\u0119 w zak\u0142adce: Formularze [&hellip;]<\/p>\n","protected":false},"author":1,"featured_media":4124,"comment_status":"open","ping_status":"open","sticky":false,"template":"","format":"standard","meta":{"_acf_changed":false,"inline_featured_image":false,"footnotes":"","_links_to":"","_links_to_target":""},"categories":[1],"tags":[],"class_list":["post-4076","post","type-post","status-publish","format-standard","has-post-thumbnail","hentry","category-aktualnosci"],"acf":[],"_links":{"self":[{"href":"https:\/\/dpm.uksw.edu.pl\/pl\/wp-json\/wp\/v2\/posts\/4076","targetHints":{"allow":["GET"]}}],"collection":[{"href":"https:\/\/dpm.uksw.edu.pl\/pl\/wp-json\/wp\/v2\/posts"}],"about":[{"href":"https:\/\/dpm.uksw.edu.pl\/pl\/wp-json\/wp\/v2\/types\/post"}],"author":[{"embeddable":true,"href":"https:\/\/dpm.uksw.edu.pl\/pl\/wp-json\/wp\/v2\/users\/1"}],"replies":[{"embeddable":true,"href":"https:\/\/dpm.uksw.edu.pl\/pl\/wp-json\/wp\/v2\/comments?post=4076"}],"version-history":[{"count":4,"href":"https:\/\/dpm.uksw.edu.pl\/pl\/wp-json\/wp\/v2\/posts\/4076\/revisions"}],"predecessor-version":[{"id":4365,"href":"https:\/\/dpm.uksw.edu.pl\/pl\/wp-json\/wp\/v2\/posts\/4076\/revisions\/4365"}],"wp:featuredmedia":[{"embeddable":true,"href":"https:\/\/dpm.uksw.edu.pl\/pl\/wp-json\/wp\/v2\/media\/4124"}],"wp:attachment":[{"href":"https:\/\/dpm.uksw.edu.pl\/pl\/wp-json\/wp\/v2\/media?parent=4076"}],"wp:term":[{"taxonomy":"category","embeddable":true,"href":"https:\/\/dpm.uksw.edu.pl\/pl\/wp-json\/wp\/v2\/categories?post=4076"},{"taxonomy":"post_tag","embeddable":true,"href":"https:\/\/dpm.uksw.edu.pl\/pl\/wp-json\/wp\/v2\/tags?post=4076"}],"curies":[{"name":"wp","href":"https:\/\/api.w.org\/{rel}","templated":true}]}}